{"id":1586,"date":"2020-03-03T17:00:25","date_gmt":"2020-03-03T16:00:25","guid":{"rendered":"http:\/\/torredelsole.com\/territorio\/"},"modified":"2023-05-19T13:15:26","modified_gmt":"2023-05-19T11:15:26","slug":"territoire","status":"publish","type":"post","link":"https:\/\/torredelsole.com\/fr\/territoire\/","title":{"rendered":"Territoire"},"content":{"rendered":"<p><span style=\"font-size: 20px; line-height: 30px;\">Vous venez de r\u00e9server votre s\u00e9jour de vacances et vous ne savez toujours pas <strong>quoi faire \u00e0 Terracina<\/strong>? Pas de probl\u00e8me &#8211; nous sommes l\u00e0 pour vous aider \u00e0 cr\u00e9er votre propre visite personnalis\u00e9e.<\/span><\/p>\n<p><span style=\"font-size: 20px; line-height: 30px;\">Dans ce mini-guide, nous vous parlerons de certaines des meilleures attractions de Terracina et des <strong>activit\u00e9s que vous pourrez faire apr\u00e8s avoir fait vos valises<\/strong>. <\/span><\/p>\n<p><span style=\"font-size: 20px; line-height: 30px;\">Es-tu pr\u00eat? <\/span><span style=\"font-size: 20px; line-height: 30px;\"><strong>Allons-y<\/strong>!<\/span><\/p>\n<p><span style=\"font-size: 20px; line-height: 30px;\">Voici un bref aper\u00e7u des points que nous aborderons tr\u00e8s prochainement:<\/span><br \/>\n<span style=\"font-size: 20px; line-height: 30px;\">\u25cf Temple de Jupiter Anxur<br \/>\n\u25cf Centre historique<br \/>\n\u25cf Excursions<br \/>\n\u25cf D\u00e9placement hors de la ville<br \/>\n\u25cf Temps libre<\/span><\/p>\n<h2><img loading=\"lazy\" class=\"aligncenter wp-image-1280 size-full\" src=\"http:\/\/torredelsole.com\/wp-content\/uploads\/2022\/03\/Foto_25.jpg\" alt=\"\" width=\"1000\" height=\"650\" srcset=\"https:\/\/torredelsole.com\/wp-content\/uploads\/2022\/03\/Foto_25.jpg 1000w, https:\/\/torredelsole.com\/wp-content\/uploads\/2022\/03\/Foto_25-300x195.jpg 300w, https:\/\/torredelsole.com\/wp-content\/uploads\/2022\/03\/Foto_25-768x499.jpg 768w\" sizes=\"(max-width: 1000px) 100vw, 1000px\" \/><\/h2>\n<h2><span style=\"font-size: 26px; line-height: 30px;\">Temple de Jupiter<\/span><\/h2>\n<p><span style=\"font-size: 20px; line-height: 30px;\">V\u00e9ritable must de vos vacances \u00e0 Terracina, le <strong>Temple de Jupiter<\/strong> est consider\u00e9 comme l\u2019attraction num\u00e9ro un de notre ville. Si vous vous demandez pourquoi, lisez la suite.<\/span><\/p>\n<p><span style=\"font-size: 20px; line-height: 30px;\">La v\u00e9ritable essence de cet endroit tou est enferm\u00e9 dans un <strong>m\u00e9lange d\u2019\u00e9motions que seul le temple peut vous donner.<\/strong><\/span><\/p>\n<p><span style=\"font-size: 20px; line-height: 30px;\">Imaginez-vous en train de vous immerger dans l\u2019histoire des anciens Romaines, des Dieux et pourquoi pas de l\u2019amour.<\/span><\/p>\n<p><span style=\"font-size: 20px; line-height: 30px;\">La visite \u00e0 l\u2019interieure consiste en un voyage parmi les vestiges d\u2019ancien du Temple qui termine avec une visite panoramique sur toute la ville de Terracina.<\/span><\/p>\n<p><span style=\"font-size: 20px; line-height: 30px;\">Imaginez maintenant <strong>le coucher de soleil sur la mer<\/strong>, une vue \u00e0 couper le souffle qui part du sommet de San Felice et termine, pou les plus chanceux (pendant les journ\u00e9es plus d\u00e9gag\u00e9s), sur le <strong>V\u00e9suve<\/strong>. Maintenant vous savez que vous venez de <strong>donner une \u00e9motion inoubliable \u00e0 ceux qui vous accompagnent<\/strong> et\u2026 vous pouvez continuer le voyage \u00e0 travers l\u2019histoire et dans le romanticisme que seul le centre historique pourra vous offrir.<\/span><\/p>\n<h2><span style=\"font-size: 26px; line-height: 30px;\">Centre historique<\/span><\/h2>\n<p><span style=\"font-size: 20px; line-height: 30px;\">Si vous venez de finir de visiter le Temple de Jupiter, il est temps de continuer le tour dans le Centre historique de Terracina.<\/span><\/p>\n<p><span style=\"font-size: 20px; line-height: 30px;\">C\u2019est vrai, nous sommes surs que votre seule pens\u00e9e est maintenant \u201c<em>La visite du Temple ne bat pas,\u00a0 y-a-t\u2019 il vraiment quelque chose \u00e0 d\u00e9couvrir?\u00a0\u00bb.<\/em><\/span><\/p>\n<p><span style=\"font-size: 20px; line-height: 30px;\"><strong>La r\u00e9ponse est absolument oui<\/strong>! Laissez-vous emporter par la <strong>magie du centre historique de Terracina<\/strong>: la cath\u00e9drale, les v\u00e9stiges historiques, les mus\u00e9es, l\u2019Appia, le th\u00e9atre romaine, les vues sur la ville et la mer, toute l\u2019histoire de Terracina raccont\u00e9 par les habitants de l\u2019ancien village, assis pour se reposer sur un banc.<\/span><\/p>\n<p><span style=\"font-size: 20px; line-height: 30px;\">De plus, d\u2019une ruelle \u00e0 l\u2019autre, vous pouvez profiter d\u2019un excellent <strong>ap\u00e9ritif \u00e0 base de produits locaux<\/strong> \u00e0 z\u00e9ro kilom\u00e9tre dasn l\u2019un de lieux caract\u00e9ristiques present sur la place et au del\u00e0.<\/span><\/p>\n<h2><img loading=\"lazy\" class=\"aligncenter wp-image-1275 size-full\" src=\"http:\/\/torredelsole.com\/wp-content\/uploads\/2022\/03\/Foto_24.jpg\" alt=\"\" width=\"1000\" height=\"650\" srcset=\"https:\/\/torredelsole.com\/wp-content\/uploads\/2022\/03\/Foto_24.jpg 1000w, https:\/\/torredelsole.com\/wp-content\/uploads\/2022\/03\/Foto_24-300x195.jpg 300w, https:\/\/torredelsole.com\/wp-content\/uploads\/2022\/03\/Foto_24-768x499.jpg 768w\" sizes=\"(max-width: 1000px) 100vw, 1000px\" \/><\/h2>\n<h2><span style=\"font-size: 26px; line-height: 30px;\">E<strong>xcursion<\/strong>s<\/span><\/h2>\n<p><span style=\"font-size: 20px; line-height: 30px;\">Pas seulement l\u2019histoire, culture et bonne nourriture locale. La r\u00e9gion de Terracina offre un <strong>riche de d\u2019exp\u00e9riences dasn la nature.<\/strong><\/span><\/p>\n<p><span style=\"font-size: 20px; line-height: 30px;\">Entour\u00e9 par les montagnes, la ville offre aux amoureux de la nature une gamme illimit\u00e9 de possibilit\u00e9s d\u2019exploration.<\/span><\/p>\n<p><span style=\"font-size: 20px; line-height: 30px;\">Du pique-nique avec vue sur le monument naturel de <strong>Campo Soriano<\/strong> Soriano \u00e0 la randonn\u00e9e en montagne sur le <strong>Monte Leano<\/strong> ou le <strong>Monte Romano<\/strong>, les possibilit\u00e9s sont vraiment infinies.<\/span><\/p>\n<h2><span style=\"font-size: 26px; line-height: 30px;\">V<strong>oyages hors de la ville<\/strong><\/span><\/h2>\n<p><span style=\"font-size: 20px; line-height: 30px;\">Pas seulement Terracina. Si vous etes un vrai amateur de d\u00e9couverte continue, en plus de l\u2019histoire, des attractions, de la mer et de la d\u00e9tente que seules des vacances \u00e0 Terracina peuvent vous offrir, vous avez la possibilit\u00e9 de profiter d\u2019une s\u00e9rie d\u2019<strong>excursions hors de la ville<\/strong> qui augmenteront consid\u00e9rablement la valeur de vos vacances.<\/span><\/p>\n<p><span style=\"font-size: 20px; line-height: 30px;\"><span style=\"font-size: 20px; line-height: 30px;\">Parmi les plus populaires, nous soulignons:<\/span><\/span><\/p>\n<ul>\n<li><span style=\"font-size: 20px; line-height: 30px;\"><strong>Voyage aux iles de Ponza, Palmarola et Ventotene<\/strong>: soleil, d\u00e9tente, mer cristalline et excursions en voilier sont les \u00e9l\u00e9ments parfaits pour une journ\u00e9e hors de la ville.<\/span><\/li>\n<li><span style=\"font-size: 20px; line-height: 30px;\"><strong>Visite du village de Sermoneta<\/strong>: un autre morceau important de l\u2019histoire et de la magie de ce territoire. Plongez dans un voyage dans le temps contemporain \u00e0 l\u2019int\u00e9riur du chateau de Caetani et profitez d\u2019une promenade dans la nature \u00e0 l\u2019int\u00e9rieur des jardins de Ninfa, consid\u00e9r\u00e9s parmi les plus beaux d\u2019Italie. A l\u2019interieur des jardins, vous aurez l\u2019occasione de vous promener parmi de nombreux types de plantes du monde entier (comme les \u00e9rables asitiques, certains types de plantes qui poussent dans la foret amazonienne, le bambou et bien plus encore) et des vestiges historiques (comme le adbide de la cath\u00e9drale de Santa Maria Maggiore, o\u00f9 en 1159 Alexandre III, fuyant Rome et les troupes de Fr\u00e9d\u00e9ric Barberousse, devint pape).<\/span><\/li>\n<li><span style=\"font-size: 20px; line-height: 30px;\"><strong>Sperlonga<\/strong>: l\u2019un des villages les plus caract\u00e9ristiques et les plus beaux de tout le territoire national, \u00e0 deux pas de notre hotel. Profitez d\u2019une journ\u00e9e dans les ruelles, des vues panoramiques sur le golfe et des excellents plats de poisson frais que les restaurateurs locaux pr\u00e9parent avec soin, d\u00e9vouement et l\u2019exp\u00e9rience que seules les locaux peuvent vous offrir. Perdez-vous dans les vignes grace au <em>Sperlonga Experience and Wine tasting tour<\/em> ou visitez le mus\u00e9e arch\u00e8ologique et d\u00e9couvrez toute l\u2019histoire locale!<\/span><\/li>\n<li><span style=\"font-size: 20px; line-height: 30px;\"><strong>San Felice Circeo<\/strong>: le village romantique \u00e0 quelques minutes de Terracina qui peuvent accueillir la soir\u00e9e parfaite apr\u00e8s une journ\u00e9e de d\u00e9tente pass\u00e9e sur la plage et dans la piscine<span style=\"font-size: 20px; line-height: 30px;\">.<\/span><\/span><\/li>\n<\/ul>\n<h2><img loading=\"lazy\" class=\"aligncenter wp-image-405 size-full\" src=\"http:\/\/torredelsole.com\/wp-content\/uploads\/2022\/03\/Raggruppa-481.png\" alt=\"\" width=\"478\" height=\"363\" srcset=\"https:\/\/torredelsole.com\/wp-content\/uploads\/2022\/03\/Raggruppa-481.png 478w, https:\/\/torredelsole.com\/wp-content\/uploads\/2022\/03\/Raggruppa-481-300x228.png 300w\" sizes=\"(max-width: 478px) 100vw, 478px\" \/><\/h2>\n<h2><span style=\"font-size: 26px; line-height: 30px;\">Temps libre<\/span><\/h2>\n<p><span style=\"font-size: 20px; line-height: 30px;\">Vous manques d\u2019\u00e9n\u00e9rgie et souhaitez vous d\u00e9tendre avec un apr\u00e8s-midi de shopping ou une soir\u00e9e de d\u00e9tente totale?<\/span><\/p>\n<p><span style=\"font-size: 20px; line-height: 30px;\">Profitez d\u2019une promenade dans le centre: dans le rues principales, vous pouvez acc\u00e8der \u00e0 un v\u00e9ritables <strong>centre commercial \u00e0 ciel ouvert<\/strong> compos\u00e9 de boutiques historiques de Terracina et de magasins de toutes sortes.<\/span><\/p>\n<p><span style=\"font-size: 20px; line-height: 30px;\">Les meilleurs restaurants du centre seront alors votre ap\u00e9ritif pour la soir\u00e9e dans l&rsquo;un des nombreux endroits qui caract\u00e9risent la <strong>vie nocturne de Terracina<\/strong>.<\/span><\/p>\n<p><span style=\"font-size: 20px; line-height: 30px;\">Les meilleurs DJ de la r\u00e9gion seront votre bande-son pour compl\u00e9ter la soir\u00e9e. Si, en revanche, vous recherchez une soir\u00e9e tranquille en famille, le centre historique est l&rsquo;endroit id\u00e9al : d&rsquo;excellents restaurants de viande et de poisson, la place et le Caff\u00e8 del Duomo (parmi les meilleurs glaciers de Terracina), sont les ingr\u00e9dients parfaits pour une soir\u00e9e relaxante.<\/span><\/p>\n<p><span style=\"font-size: 20px; line-height: 30px;\">Vous souhaitez en savoir plus sur les activit\u00e9s et attraits que vous venez de d\u00e9couvrir ? Voici quelques lignes utiles pour organiser votre visite:<\/span><\/p>\n<ul>\n<li><span style=\"font-size: 20px; line-height: 30px;\">Temple de Jupiter<\/span><\/li>\n<li><a href=\"https:\/\/weterracina.it\/scoprire\/luoghi\/centro-storico\/\" target=\"_blank\" rel=\"noopener\"><span style=\"font-size: 20px; line-height: 30px;\">Vieille ville<\/span><\/a><\/li>\n<li><a href=\"http:\/\/www.prolocodiponza.it\/it\/\" target=\"_blank\" rel=\"noopener\"><span style=\"font-size: 20px; line-height: 30px;\">Trajets vers Ponza<\/span><\/a><\/li>\n<li><a href=\"https:\/\/www.giardinodininfa.eu\/\" target=\"_blank\" rel=\"noopener\"><span style=\"font-size: 20px; line-height: 30px;\">Jardins des Nymphes<\/span><\/a><\/li>\n<\/ul>\n<p><span style=\"font-size: 20px; line-height: 30px;\">De plus, une fois \u00e0 l\u2019h\u00f4tel, vous pourrez demander \u00e0 notre r\u00e9ception toutes les informations dont vous avez besoin pour organiser au mieux votre temps libre \u00e0 Terracina. En effet, en plus des nombreux lieux \u00e0 visiter absolument, vous pourrez participer \u00e0 des \u00e9v\u00e9nements, des expositions et bien, bien plus encore!<\/span><\/p>\n<p>&nbsp;<\/p>\n","protected":false},"excerpt":{"rendered":"<p>Vous venez de r\u00e9server votre s\u00e9jour de vacances et vous ne savez toujours pas quoi faire \u00e0 Terracina? Pas de probl\u00e8me &#8211; nous sommes l\u00e0 pour vous aider \u00e0 cr\u00e9er votre propre visite personnalis\u00e9e.<\/p>\n","protected":false},"author":2,"featured_media":1587,"comment_status":"open","ping_status":"open","sticky":false,"template":"","format":"standard","meta":[],"categories":[101],"tags":[],"acf":[],"yoast_head":"<!-- This site is optimized with the Yoast SEO plugin v19.0 - https:\/\/yoast.com\/wordpress\/plugins\/seo\/ -->\n<title>Territoire - Torre del Sole<\/title>\n<meta name=\"robots\" content=\"index, follow, max-snippet:-1, max-image-preview:large, max-video-preview:-1\" \/>\n<link rel=\"canonical\" href=\"https:\/\/torredelsole.com\/fr\/territoire\/\" \/>\n<meta property=\"og:locale\" content=\"fr_FR\" \/>\n<meta property=\"og:type\" content=\"article\" \/>\n<meta property=\"og:title\" content=\"Territoire - Torre del Sole\" \/>\n<meta property=\"og:description\" content=\"Vous venez de r\u00e9server votre s\u00e9jour de vacances et vous ne savez toujours pas quoi faire \u00e0 Terracina? Pas de probl\u00e8me - nous sommes l\u00e0 pour vous aider \u00e0 cr\u00e9er votre propre visite personnalis\u00e9e.\" \/>\n<meta property=\"og:url\" content=\"https:\/\/torredelsole.com\/fr\/territoire\/\" \/>\n<meta property=\"og:site_name\" content=\"Torre del Sole\" \/>\n<meta property=\"article:published_time\" content=\"2020-03-03T16:00:25+00:00\" \/>\n<meta property=\"article:modified_time\" content=\"2023-05-19T11:15:26+00:00\" \/>\n<meta property=\"og:image\" content=\"http:\/\/torredelsole.com\/wp-content\/uploads\/2022\/03\/Territorio.jpg\" \/>\n\t<meta property=\"og:image:width\" content=\"1920\" \/>\n\t<meta property=\"og:image:height\" content=\"300\" \/>\n\t<meta property=\"og:image:type\" content=\"image\/jpeg\" \/>\n<meta name=\"twitter:card\" content=\"summary_large_image\" \/>\n<meta name=\"twitter:label1\" content=\"\u00c9crit par\" \/>\n\t<meta name=\"twitter:data1\" content=\"Nicolae\" \/>\n\t<meta name=\"twitter:label2\" content=\"Dur\u00e9e de lecture estim\u00e9e\" \/>\n\t<meta name=\"twitter:data2\" content=\"7 minutes\" \/>\n<script type=\"application\/ld+json\" class=\"yoast-schema-graph\">{\"@context\":\"https:\/\/schema.org\",\"@graph\":[{\"@type\":\"WebSite\",\"@id\":\"https:\/\/torredelsole.com\/#website\",\"url\":\"https:\/\/torredelsole.com\/\",\"name\":\"Torre del Sole\",\"description\":\"\",\"potentialAction\":[{\"@type\":\"SearchAction\",\"target\":{\"@type\":\"EntryPoint\",\"urlTemplate\":\"https:\/\/torredelsole.com\/?s={search_term_string}\"},\"query-input\":\"required name=search_term_string\"}],\"inLanguage\":\"fr-FR\"},{\"@type\":\"ImageObject\",\"inLanguage\":\"fr-FR\",\"@id\":\"https:\/\/torredelsole.com\/fr\/territoire\/#primaryimage\",\"url\":\"https:\/\/torredelsole.com\/wp-content\/uploads\/2022\/03\/Territorio.jpg\",\"contentUrl\":\"https:\/\/torredelsole.com\/wp-content\/uploads\/2022\/03\/Territorio.jpg\",\"width\":1920,\"height\":300},{\"@type\":\"WebPage\",\"@id\":\"https:\/\/torredelsole.com\/fr\/territoire\/#webpage\",\"url\":\"https:\/\/torredelsole.com\/fr\/territoire\/\",\"name\":\"Territoire - Torre del Sole\",\"isPartOf\":{\"@id\":\"https:\/\/torredelsole.com\/#website\"},\"primaryImageOfPage\":{\"@id\":\"https:\/\/torredelsole.com\/fr\/territoire\/#primaryimage\"},\"datePublished\":\"2020-03-03T16:00:25+00:00\",\"dateModified\":\"2023-05-19T11:15:26+00:00\",\"author\":{\"@id\":\"https:\/\/torredelsole.com\/#\/schema\/person\/c77b7e901daae9751df77d46d9480d27\"},\"breadcrumb\":{\"@id\":\"https:\/\/torredelsole.com\/fr\/territoire\/#breadcrumb\"},\"inLanguage\":\"fr-FR\",\"potentialAction\":[{\"@type\":\"ReadAction\",\"target\":[\"https:\/\/torredelsole.com\/fr\/territoire\/\"]}]},{\"@type\":\"BreadcrumbList\",\"@id\":\"https:\/\/torredelsole.com\/fr\/territoire\/#breadcrumb\",\"itemListElement\":[{\"@type\":\"ListItem\",\"position\":1,\"name\":\"Home\",\"item\":\"https:\/\/torredelsole.com\/fr\/\"},{\"@type\":\"ListItem\",\"position\":2,\"name\":\"Territoire\"}]},{\"@type\":\"Person\",\"@id\":\"https:\/\/torredelsole.com\/#\/schema\/person\/c77b7e901daae9751df77d46d9480d27\",\"name\":\"Nicolae\",\"image\":{\"@type\":\"ImageObject\",\"inLanguage\":\"fr-FR\",\"@id\":\"https:\/\/torredelsole.com\/#\/schema\/person\/image\/\",\"url\":\"https:\/\/secure.gravatar.com\/avatar\/4151734fbd714341d9b7b7712c5dc892?s=96&d=mm&r=g\",\"contentUrl\":\"https:\/\/secure.gravatar.com\/avatar\/4151734fbd714341d9b7b7712c5dc892?s=96&d=mm&r=g\",\"caption\":\"Nicolae\"},\"url\":\"https:\/\/torredelsole.com\/fr\/author\/nicolae\/\"}]}<\/script>\n<!-- \/ Yoast SEO plugin. -->","yoast_head_json":{"title":"Territoire - Torre del Sole","robots":{"index":"index","follow":"follow","max-snippet":"max-snippet:-1","max-image-preview":"max-image-preview:large","max-video-preview":"max-video-preview:-1"},"canonical":"https:\/\/torredelsole.com\/fr\/territoire\/","og_locale":"fr_FR","og_type":"article","og_title":"Territoire - Torre del Sole","og_description":"Vous venez de r\u00e9server votre s\u00e9jour de vacances et vous ne savez toujours pas quoi faire \u00e0 Terracina? Pas de probl\u00e8me - nous sommes l\u00e0 pour vous aider \u00e0 cr\u00e9er votre propre visite personnalis\u00e9e.","og_url":"https:\/\/torredelsole.com\/fr\/territoire\/","og_site_name":"Torre del Sole","article_published_time":"2020-03-03T16:00:25+00:00","article_modified_time":"2023-05-19T11:15:26+00:00","og_image":[{"width":1920,"height":300,"url":"http:\/\/torredelsole.com\/wp-content\/uploads\/2022\/03\/Territorio.jpg","type":"image\/jpeg"}],"twitter_card":"summary_large_image","twitter_misc":{"\u00c9crit par":"Nicolae","Dur\u00e9e de lecture estim\u00e9e":"7 minutes"},"schema":{"@context":"https:\/\/schema.org","@graph":[{"@type":"WebSite","@id":"https:\/\/torredelsole.com\/#website","url":"https:\/\/torredelsole.com\/","name":"Torre del Sole","description":"","potentialAction":[{"@type":"SearchAction","target":{"@type":"EntryPoint","urlTemplate":"https:\/\/torredelsole.com\/?s={search_term_string}"},"query-input":"required name=search_term_string"}],"inLanguage":"fr-FR"},{"@type":"ImageObject","inLanguage":"fr-FR","@id":"https:\/\/torredelsole.com\/fr\/territoire\/#primaryimage","url":"https:\/\/torredelsole.com\/wp-content\/uploads\/2022\/03\/Territorio.jpg","contentUrl":"https:\/\/torredelsole.com\/wp-content\/uploads\/2022\/03\/Territorio.jpg","width":1920,"height":300},{"@type":"WebPage","@id":"https:\/\/torredelsole.com\/fr\/territoire\/#webpage","url":"https:\/\/torredelsole.com\/fr\/territoire\/","name":"Territoire - Torre del Sole","isPartOf":{"@id":"https:\/\/torredelsole.com\/#website"},"primaryImageOfPage":{"@id":"https:\/\/torredelsole.com\/fr\/territoire\/#primaryimage"},"datePublished":"2020-03-03T16:00:25+00:00","dateModified":"2023-05-19T11:15:26+00:00","author":{"@id":"https:\/\/torredelsole.com\/#\/schema\/person\/c77b7e901daae9751df77d46d9480d27"},"breadcrumb":{"@id":"https:\/\/torredelsole.com\/fr\/territoire\/#breadcrumb"},"inLanguage":"fr-FR","potentialAction":[{"@type":"ReadAction","target":["https:\/\/torredelsole.com\/fr\/territoire\/"]}]},{"@type":"BreadcrumbList","@id":"https:\/\/torredelsole.com\/fr\/territoire\/#breadcrumb","itemListElement":[{"@type":"ListItem","position":1,"name":"Home","item":"https:\/\/torredelsole.com\/fr\/"},{"@type":"ListItem","position":2,"name":"Territoire"}]},{"@type":"Person","@id":"https:\/\/torredelsole.com\/#\/schema\/person\/c77b7e901daae9751df77d46d9480d27","name":"Nicolae","image":{"@type":"ImageObject","inLanguage":"fr-FR","@id":"https:\/\/torredelsole.com\/#\/schema\/person\/image\/","url":"https:\/\/secure.gravatar.com\/avatar\/4151734fbd714341d9b7b7712c5dc892?s=96&d=mm&r=g","contentUrl":"https:\/\/secure.gravatar.com\/avatar\/4151734fbd714341d9b7b7712c5dc892?s=96&d=mm&r=g","caption":"Nicolae"},"url":"https:\/\/torredelsole.com\/fr\/author\/nicolae\/"}]}},"_links":{"self":[{"href":"https:\/\/torredelsole.com\/fr\/wp-json\/wp\/v2\/posts\/1586"}],"collection":[{"href":"https:\/\/torredelsole.com\/fr\/wp-json\/wp\/v2\/posts"}],"about":[{"href":"https:\/\/torredelsole.com\/fr\/wp-json\/wp\/v2\/types\/post"}],"author":[{"embeddable":true,"href":"https:\/\/torredelsole.com\/fr\/wp-json\/wp\/v2\/users\/2"}],"replies":[{"embeddable":true,"href":"https:\/\/torredelsole.com\/fr\/wp-json\/wp\/v2\/comments?post=1586"}],"version-history":[{"count":18,"href":"https:\/\/torredelsole.com\/fr\/wp-json\/wp\/v2\/posts\/1586\/revisions"}],"predecessor-version":[{"id":3509,"href":"https:\/\/torredelsole.com\/fr\/wp-json\/wp\/v2\/posts\/1586\/revisions\/3509"}],"wp:featuredmedia":[{"embeddable":true,"href":"https:\/\/torredelsole.com\/fr\/wp-json\/wp\/v2\/media\/1587"}],"wp:attachment":[{"href":"https:\/\/torredelsole.com\/fr\/wp-json\/wp\/v2\/media?parent=1586"}],"wp:term":[{"taxonomy":"category","embeddable":true,"href":"https:\/\/torredelsole.com\/fr\/wp-json\/wp\/v2\/categories?post=1586"},{"taxonomy":"post_tag","embeddable":true,"href":"https:\/\/torredelsole.com\/fr\/wp-json\/wp\/v2\/tags?post=1586"}],"curies":[{"name":"wp","href":"https:\/\/api.w.org\/{rel}","templated":true}]}}